[{"@context":"https:\/\/schema.org\/","@type":"Article","@id":"https:\/\/www.klemanet.cz\/pro-vsechny-vekove-kategorie\/#Article","mainEntityOfPage":"https:\/\/www.klemanet.cz\/pro-vsechny-vekove-kategorie\/","headline":"Pro v\u0161echny v\u011bkov\u00e9 kategorie","name":"Pro v\u0161echny v\u011bkov\u00e9 kategorie","description":"\u010cek\u00e1 V\u00e1s radostn\u00e1 ud\u00e1lost a Vy se u\u017e t\u011b\u0161\u00edte, a\u017e se za n\u011bjak\u00fd \u010das narod\u00ed [&hellip;]","datePublished":"2025-02-22","dateModified":"2025-02-22","author":{"@type":"Person","@id":"https:\/\/www.klemanet.cz\/author\/#Person","name":"","url":"https:\/\/www.klemanet.cz\/author\/","identifier":1,"image":{"@type":"ImageObject","@id":"https:\/\/secure.gravatar.com\/avatar\/2d2764a424a89ac38785df784051989f5c5cb264a2405c7e5d24c1907a83f0fb?s=96&d=mm&r=g","url":"https:\/\/secure.gravatar.com\/avatar\/2d2764a424a89ac38785df784051989f5c5cb264a2405c7e5d24c1907a83f0fb?s=96&d=mm&r=g","height":96,"width":96}},"publisher":{"@type":"Organization","name":"klemanet.cz","logo":{"@type":"ImageObject","@id":"\/logo.png","url":"\/logo.png","width":600,"height":60}},"url":"https:\/\/www.klemanet.cz\/pro-vsechny-vekove-kategorie\/","wordCount":175,"articleBody":"\u010cek\u00e1 V\u00e1s radostn\u00e1 ud\u00e1lost a Vy se u\u017e t\u011b\u0161\u00edte, a\u017e se za n\u011bjak\u00fd \u010das narod\u00ed V\u00e1m nebo n\u011bkomu v rodin\u011b, miminko? Je to sice radost, ale tak\u00e9 starost, proto V\u00e1m p\u0159in\u00e1\u0161\u00edme \u0161irok\u00fd sortiment ozna\u010den\u00fd souhrnn\u011b jako kojeneck\u00e9 oble\u010den\u00ed. Velk\u00fd v\u00fdb\u011br tit\u011brn\u00fdch oble\u010dk\u016f jak pro mal\u00e9 hol\u010di\u010dky, tak tak\u00e9 pro mal\u00e9 chlape\u010dky. Velikosti, kter\u00e9 jsou ur\u010deny pro \u010derstv\u00e1 novoroze\u0148\u00e1tka, tak zvan\u00e9 kojeneck\u00e9 oble\u010den\u00ed, ale tak\u00e9 pro v\u011bt\u0161\u00ed d\u011bti, kter\u00e9 za\u010d\u00ednaj\u00ed se sv\u00fdmi prvn\u00edmi kr\u016f\u010dky nebo u\u017e maj\u00ed nam\u00ed\u0159eno do t\u0159eba do \u0161kolky. Opravdu nep\u0159ebern\u00e9 mno\u017estv\u00ed v\u011bc\u00ed, kter\u00e9 obl\u00e9knou Va\u0161eho potomka od hlavy a\u017e po paty. Moc hezk\u00e9, slu\u0161iv\u00e9, pohodln\u00e9, ve spoust\u011b velikost\u00ed a barev. V\u0161e p\u0159ipraveno pro V\u00e1\u0161 n\u00e1kup. \u00da\u017easn\u00e9 ceny Vyu\u017eijte nab\u00eddky, kter\u00e1 je velice v\u00fdhodn\u00e1 a nakupte kojeneck\u00e9 oble\u010den\u00ed za \u00fa\u017easn\u00e9 ceny. Kvalitn\u00ed, zna\u010dkov\u00e9 a bezkonkuren\u010dn\u011b nejlep\u0161\u00ed.                                                                                                                                                                                                                                                                                                                                                                                        4.3\/5 - (3 votes)        "},{"@context":"https:\/\/schema.org\/","@type":"BreadcrumbList","itemListElement":[{"@type":"ListItem","position":1,"name":"Pro v\u0161echny v\u011bkov\u00e9 kategorie","item":"https:\/\/www.klemanet.cz\/pro-vsechny-vekove-kategorie\/#breadcrumbitem"}]}]