[{"@context":"https:\/\/schema.org\/","@type":"Article","@id":"https:\/\/www.klemanet.cz\/obleceme-cely-dum\/#Article","mainEntityOfPage":"https:\/\/www.klemanet.cz\/obleceme-cely-dum\/","headline":"Oble\u010deme cel\u00fd d\u016fm","name":"Oble\u010deme cel\u00fd d\u016fm","description":"N\u00e1bytek Plze\u0148 v\u00e1m pom\u016f\u017ee se za\u0159\u00edzen\u00edm cel\u00e9 dom\u00e1cnosti. A\u0165 u\u017e hled\u00e1te vybaven\u00ed pro kuchyni, lo\u017enici, [&hellip;]","datePublished":"2024-12-16","dateModified":"2024-12-16","author":{"@type":"Person","@id":"https:\/\/www.klemanet.cz\/author\/#Person","name":"","url":"https:\/\/www.klemanet.cz\/author\/","identifier":1,"image":{"@type":"ImageObject","@id":"https:\/\/secure.gravatar.com\/avatar\/2d2764a424a89ac38785df784051989f5c5cb264a2405c7e5d24c1907a83f0fb?s=96&d=mm&r=g","url":"https:\/\/secure.gravatar.com\/avatar\/2d2764a424a89ac38785df784051989f5c5cb264a2405c7e5d24c1907a83f0fb?s=96&d=mm&r=g","height":96,"width":96}},"publisher":{"@type":"Organization","name":"klemanet.cz","logo":{"@type":"ImageObject","@id":"\/logo.png","url":"\/logo.png","width":600,"height":60}},"url":"https:\/\/www.klemanet.cz\/obleceme-cely-dum\/","wordCount":164,"articleBody":"N\u00e1bytek Plze\u0148 v\u00e1m pom\u016f\u017ee se za\u0159\u00edzen\u00edm cel\u00e9 dom\u00e1cnosti. A\u0165 u\u017e hled\u00e1te vybaven\u00ed pro kuchyni, lo\u017enici, ob\u00fdvac\u00ed pokoj nebo d\u011btsk\u00e9 pokoj\u00edky. M\u016f\u017eete se spolehnout, \u017ee za\u0159\u00edzen\u00ed bude velmi praktick\u00e9 a zpracovan\u00e9 v modern\u00edm designu. Zkr\u00e1tka tak, aby v\u00e1s jeho pou\u017e\u00edv\u00e1n\u00ed t\u011b\u0161ilo je\u0161t\u011b mnoho let. Pokud vyb\u00edr\u00e1te za\u0159\u00edzen\u00ed pro dom\u00e1cnost u jedn\u00e9 firmy, z\u00edsk\u00e1v\u00e1te hned n\u011bkolik v\u00fdhod. Nap\u0159\u00edklad tu, \u017ee za\u0159\u00edzen\u00ed v dom\u011b bude perfektn\u011b ladit a v\u0161echny m\u00edstnosti budou vybaveny ve stejn\u00e9m stylu a designu. Takov\u00e1 dom\u00e1cnost pak p\u016fsob\u00ed velmi modern\u011b a harmonicky. Jeden harmonick\u00fd celek Aby va\u0161e dom\u00e1cnost tvo\u0159ila jeden elegantn\u00ed a harmonick\u00fd celek, je t\u0159eba vyb\u00edrat n\u00e1bytek a za\u0159izovac\u00ed p\u0159edm\u011bty v jednotn\u00e9m stylu. Nejl\u00e9pe pak ty vyrobeny na m\u00edru od stejn\u00e9ho dodavatele.                                                                                                                                                                                                                                                                                                                                                                                        3.5\/5 - (2 votes)        "},{"@context":"https:\/\/schema.org\/","@type":"BreadcrumbList","itemListElement":[{"@type":"ListItem","position":1,"name":"Oble\u010deme cel\u00fd d\u016fm","item":"https:\/\/www.klemanet.cz\/obleceme-cely-dum\/#breadcrumbitem"}]}]