[{"@context":"https:\/\/schema.org\/","@type":"Article","@id":"https:\/\/www.klemanet.cz\/laska-na-prvni-pohled-noseni-deti\/#Article","mainEntityOfPage":"https:\/\/www.klemanet.cz\/laska-na-prvni-pohled-noseni-deti\/","headline":"L\u00e1ska na prvn\u00ed pohled, no\u0161en\u00ed d\u011bt\u00ed","name":"L\u00e1ska na prvn\u00ed pohled, no\u0161en\u00ed d\u011bt\u00ed","description":"Pediat\u0159i a ortopedi doporu\u010duj\u00ed dodr\u017eovat spr\u00e1vn\u00e9 z\u00e1sady zdrav\u00e9ho no\u0161en\u00ed, a to zejm\u00e9na spr\u00e1vn\u00e9 polohov\u00e1n\u00ed ky\u010dl\u00ed [&hellip;]","datePublished":"2020-02-01","dateModified":"2023-05-02","author":{"@type":"Person","@id":"https:\/\/www.klemanet.cz\/author\/#Person","name":"","url":"https:\/\/www.klemanet.cz\/author\/","identifier":1,"image":{"@type":"ImageObject","@id":"https:\/\/secure.gravatar.com\/avatar\/2d2764a424a89ac38785df784051989f5c5cb264a2405c7e5d24c1907a83f0fb?s=96&d=mm&r=g","url":"https:\/\/secure.gravatar.com\/avatar\/2d2764a424a89ac38785df784051989f5c5cb264a2405c7e5d24c1907a83f0fb?s=96&d=mm&r=g","height":96,"width":96}},"publisher":{"@type":"Organization","name":"klemanet.cz","logo":{"@type":"ImageObject","@id":"\/logo.png","url":"\/logo.png","width":600,"height":60}},"image":{"@type":"ImageObject","@id":"https:\/\/www.klemanet.cz\/wp-content\/uploads\/img_a370848_w4268_t1582537353.jpg","url":"https:\/\/www.klemanet.cz\/wp-content\/uploads\/img_a370848_w4268_t1582537353.jpg","height":0,"width":0},"url":"https:\/\/www.klemanet.cz\/laska-na-prvni-pohled-noseni-deti\/","about":["Lifestyle"],"wordCount":526,"articleBody":"Pediat\u0159i a ortopedi doporu\u010duj\u00ed dodr\u017eovat spr\u00e1vn\u00e9 z\u00e1sady zdrav\u00e9ho no\u0161en\u00ed, a to zejm\u00e9na spr\u00e1vn\u00e9 polohov\u00e1n\u00ed ky\u010dl\u00ed a p\u00e1te\u0159e d\u00edt\u011bte. Je nutn\u00e9, aby bylo d\u00edt\u011b podsazeno a m\u011blo no\u017ei\u010dky do tvaru M, zakulacen\u00e1 z\u00e1da a bylo \u010delem k\u00a0matce, nos\u00edtka s\u00a0jinou polohou a vis\u00edc\u00edmi no\u017ei\u010dkami nejsou ergonomicky spr\u00e1vn\u011b u\u0161it\u00e1, p\u0159esto je jich na trhu spousta. P\u0159i v\u00fdb\u011bru spr\u00e1vn\u00e9 nos\u00edc\u00ed pom\u016fcky si proto nechte poradit lektory v\u00e1z\u00e1n\u00ed, existuj\u00ed tak\u00e9 p\u016fj\u010dovny nos\u00edtek, kde v\u00e1m r\u00e1di porad\u00ed a za \u00faplatu nos\u00edtka r\u016fzn\u00fdch v\u00fdrobc\u016f zap\u016fj\u010d\u00ed.\u00a0Mezi z\u00e1kladn\u00ed typy pat\u0159\u00ed:\u00b7\u00a0\u00a0\u00a0\u00a0\u00a0\u00a0\u00a0\u00a0 Elastick\u00e9 \u0161\u00e1tkyjsou vhodn\u00e9 pro novorozence a d\u00edky pru\u017enosti se lehce p\u0159izp\u016fsob\u00ed mal\u00e9mu t\u011bl\u00ed\u010dku. Jejich nosnost je p\u0159ibli\u017en\u011b do 6 kg a preferuj\u00ed je rodi\u010de na prvn\u00edch p\u00e1r m\u011bs\u00edc\u016f, d\u00edky gram\u00e1\u017ei a prody\u0161nosti zejm\u00e9na na l\u00e9to.\u00b7\u00a0\u00a0\u00a0\u00a0\u00a0\u00a0\u00a0\u00a0 \u0160\u00e1tkypevn\u011b tkan\u00e9 jsou d\u00edky rozd\u00edln\u00e9 gram\u00e1\u017ei a mo\u017en\u00fdm p\u0159\u00edm\u011bs\u00edm vhodn\u00e9 jak pro novorozence, tak pro v\u011bt\u0161\u00ed batole. Existuje nespo\u010det \u00favaz\u016f a n\u00e1vod\u016f na n\u011b, v\u011bt\u0161inou si maminky obl\u00edb\u00ed dva, kter\u00e9 uva\u017euj\u00ed nej\u010dast\u011bji a jsou jim nejpohodln\u011bj\u0161\u00ed. N\u011bkter\u00e9 nosi\u010dky preferuj\u00ed no\u0161en\u00ed vep\u0159edu, dal\u0161\u00ed na z\u00e1dech, kde se v\u00e1ha d\u00edt\u011bte rozlo\u017e\u00ed jin\u00fdm zp\u016fsobem a je obl\u00edben\u00e9 zejm\u00e9na na no\u0161en\u00ed v\u011bt\u0161\u00edch a t\u011b\u017e\u0161\u00edch d\u011bt\u00ed.\u00b7\u00a0\u00a0\u00a0\u00a0\u00a0\u00a0\u00a0\u00a0 Ergonomick\u00e1nos\u00edtka jsou velmi obl\u00edben\u00e1 kv\u016fli snadn\u00e9mu pou\u017eit\u00ed a modern\u00edmu designu. Nos\u00edtku d\u00e1vaj\u00ed p\u0159ednost zejm\u00e9na maminky, kter\u00e9 se boj\u00ed nav\u00e1z\u00e1n\u00ed \u0161\u00e1tku a nejsou si jist\u00e9 \u00favazem, kter\u00fd se m\u016f\u017ee povolit. Tak\u00e9 nos\u00edc\u00ed tat\u00ednkov\u00e9 jsou ji v\u011bt\u0161inou jist\u011bj\u0161\u00ed, sta\u010d\u00ed zapnout p\u00e1r p\u0159ezek a m\u016f\u017ee se j\u00edt na proch\u00e1zku.\u00b7\u00a0\u00a0\u00a0\u00a0\u00a0\u00a0\u00a0\u00a0 RS\u0161\u00e1tky jsou tkan\u00e9 textilie zakon\u010den\u00e9 krou\u017eky na provle\u010den\u00ed \u0161\u00e1tk\u016f v r\u016fzn\u00fdch velikostech podle gram\u00e1\u017ee \u0161\u00e1tku. Maj\u00ed krou\u017eky v\u0161it\u00e9, krat\u0161\u00ed klasick\u00e9 \u0161\u00e1tky je mo\u017en\u00e9 tak\u00e9 uv\u00e1\u017eit pomoc\u00ed krou\u017ek\u016f ve speci\u00e1ln\u00edch \u00favazech. Je obl\u00edben\u00fd zejm\u00e9na pro snadn\u00e9 a rychl\u00e9 pou\u017eit\u00ed na cestov\u00e1n\u00ed a p\u0159echody s\u00a0d\u00edt\u011btem k\u00a0l\u00e9ka\u0159i.\u00a0Pokud st\u00e1le nev\u00edte, zda si po\u0159\u00eddit \u0161\u00e1tek nebo nos\u00edtko, nejlep\u0161\u00ed variantou je nav\u0161t\u00edvit n\u011bkter\u00fd z\u00a0region\u00e1ln\u00edch sraz\u016f aktivn\u00edch \u201enosi\u010dek\u201c. Na m\u00edst\u011b si vyzkou\u0161\u00edte \u0161\u00e1tky r\u016fzn\u00fdch gram\u00e1\u017e\u00ed a nos\u00edtka od v\u00edce zna\u010dek a zvol\u00edte si sama, co v\u00e1m vyhovuje. Pokud budete investovat do kvalitn\u00edho \u0161\u00e1tku nebo nos\u00edtka, jist\u011b se v\u00e1m pen\u00edze tis\u00edckr\u00e1t vr\u00e1t\u00ed, proto\u017ee miminko je nejspokojen\u011bj\u0161\u00ed u sv\u00e9 maminky a v\u00a0prvn\u00edch m\u011bs\u00edc\u00edch \u017eivota si u\u017e\u00edv\u00e1 polohu jako v\u00a0b\u0159\u00ed\u0161ku.\u00a0                                                                                                                                                                                                                                                                                                                                                                                        4.6\/5 - (15 votes)        "},{"@context":"https:\/\/schema.org\/","@type":"BreadcrumbList","itemListElement":[{"@type":"ListItem","position":1,"name":"L\u00e1ska na prvn\u00ed pohled, no\u0161en\u00ed d\u011bt\u00ed","item":"https:\/\/www.klemanet.cz\/laska-na-prvni-pohled-noseni-deti\/#breadcrumbitem"}]}]