[{"@context":"https:\/\/schema.org\/","@type":"Article","@id":"https:\/\/www.klemanet.cz\/kojenecke-obleceni-a-textil\/#Article","mainEntityOfPage":"https:\/\/www.klemanet.cz\/kojenecke-obleceni-a-textil\/","headline":"Kojeneck\u00e9 oble\u010den\u00ed a textil","name":"Kojeneck\u00e9 oble\u010den\u00ed a textil","description":"Po\u0159i\u010fte sv\u00fdm d\u011btem ve\u0161ker\u00e9 oble\u010den\u00ed, kter\u00e9 pot\u0159ebuj\u00ed a je\u0161t\u011b n\u011bco nav\u00edc! Dop\u0159ejte jim bohat\u00fd \u0161atn\u00edk [&hellip;]","datePublished":"2024-04-01","dateModified":"2024-04-01","author":{"@type":"Person","@id":"https:\/\/www.klemanet.cz\/author\/#Person","name":"","url":"https:\/\/www.klemanet.cz\/author\/","identifier":1,"image":{"@type":"ImageObject","@id":"https:\/\/secure.gravatar.com\/avatar\/2d2764a424a89ac38785df784051989f5c5cb264a2405c7e5d24c1907a83f0fb?s=96&d=mm&r=g","url":"https:\/\/secure.gravatar.com\/avatar\/2d2764a424a89ac38785df784051989f5c5cb264a2405c7e5d24c1907a83f0fb?s=96&d=mm&r=g","height":96,"width":96}},"publisher":{"@type":"Organization","name":"klemanet.cz","logo":{"@type":"ImageObject","@id":"\/logo.png","url":"\/logo.png","width":600,"height":60}},"url":"https:\/\/www.klemanet.cz\/kojenecke-obleceni-a-textil\/","wordCount":224,"articleBody":"\tPo\u0159i\u010fte sv\u00fdm d\u011btem ve\u0161ker\u00e9 oble\u010den\u00ed, kter\u00e9 pot\u0159ebuj\u00ed a je\u0161t\u011b n\u011bco nav\u00edc! Dop\u0159ejte jim bohat\u00fd \u0161atn\u00edk na zimu a kr\u00e1sn\u00e9 a vesel\u00e9 oble\u010den\u00ed na l\u00e9to. V\u00e1m umo\u017e\u0148uje sehnat v\u0161e, co by Va\u0161e d\u011bti mohli pot\u0159ebovat a to za velmi n\u00edzk\u00e9 a p\u0159\u00edjemn\u00e9 ceny, jak\u00e9 m\u016f\u017eou b\u00fdt jedin\u011b v second handu.\tNa\u010d neust\u00e1le kupovat drah\u00e9 nov\u00e9 oble\u010den\u00ed sv\u00fdm d\u011btem, kdy\u017e st\u00e1le je\u0161t\u011b rostou a co nevid\u011bt bude pot\u0159eba jim nov\u00e9 oble\u010den\u00ed koupit znovu, proto\u017ee to star\u00e9 u\u017e jim nebude? D\u011btsk\u00fd second hand obl\u00e9kne Va\u0161e d\u011bti stejn\u011b kvalitn\u011b a hezky jako ostatn\u00ed zna\u010dkov\u00e9 a drah\u00e9 obchody. Rozd\u00edl je v tom, \u017ee n\u00e1\u0161 d\u011btsk\u00fd second hand V\u00e1m pom\u016f\u017ee v\u00fdrazn\u011b u\u0161et\u0159it!\t\u00a0\tNakupujte prakticky\tNen\u00ed se za co styd\u011bt. D\u011btsk\u00fd second hand je \u0159e\u0161en\u00ed nanejv\u00fd\u0161 praktick\u00e9. Koup\u00edte u n\u00e1s kr\u00e1sn\u00e9 a kvalitn\u00ed oble\u010den\u00ed pro sv\u00e9 d\u011bti za velmi p\u0159\u00edjemn\u00e9 ceny a v\u016fbec nebude vadit, \u017ee z n\u011bj brzo vyrostou. Prost\u011b jim pak op\u011bt u n\u00e1s koup\u00edte nov\u00e9 oble\u010den\u00ed a Va\u0161e \u00faspory se vyhnou zruinov\u00e1n\u00ed.                                                                                                                                                                                                                                                                                                                                                                                        4\/5 - (5 votes)        "},{"@context":"https:\/\/schema.org\/","@type":"BreadcrumbList","itemListElement":[{"@type":"ListItem","position":1,"name":"Kojeneck\u00e9 oble\u010den\u00ed a textil","item":"https:\/\/www.klemanet.cz\/kojenecke-obleceni-a-textil\/#breadcrumbitem"}]}]